{"id":4107,"date":"2019-01-09T12:40:19","date_gmt":"2019-01-09T12:40:19","guid":{"rendered":"https:\/\/www.andaluciatrade.es\/consultoria\/?p=4107"},"modified":"2019-01-09T13:46:45","modified_gmt":"2019-01-09T13:46:45","slug":"13a-edicion-del-programa-de-diagnostico-del-potencial-de-internacionalizacion-de-la-empresa-andaluza","status":"publish","type":"post","link":"https:\/\/www.andaluciatrade.es\/consultoria\/2019\/01\/09\/13a-edicion-del-programa-de-diagnostico-del-potencial-de-internacionalizacion-de-la-empresa-andaluza\/","title":{"rendered":"18\u00aa Edici\u00f3n del Programa de Diagn\u00f3stico del Potencial de Internacionalizaci\u00f3n de la Empresa Andaluza"},"content":{"rendered":"<p style=\"text-align: justify\">Desde el Departamento de Consultor\u00eda de Extenda anunciamos la <b>apertura<\/b>\u00a0de la\u00a0<strong>18\u00aa edici\u00f3n<\/strong>\u00a0<a href=\"https:\/\/www.andaluciatrade.es\/convocatorias\/convocatoria\/?codigo=173&amp;ejercicio=2019\">del Programa de Diagn\u00f3stico del Potencial de Internacionalizaci\u00f3n de la Empresa Andaluza.<\/a><\/p>\n<p style=\"text-align: justify\">Este programa va\u00a0<strong>dirigido a las empresas andaluzas que se encuentran en etapas iniciales de su proceso de internacionalizaci\u00f3n y tambi\u00e9n a aquellas que<\/strong>, en general,<strong>\u00a0necesiten reconfirmar su potencial exportador, <\/strong>revisando su marco estrat\u00e9gico desde la base.<\/p>\n<p style=\"text-align: justify\">Las empresas participantes en este programa contar\u00e1n con la\u00a0<strong><strong>asistencia t\u00e9cnica de un consultor especializado en desarrollo de negocio internacional<\/strong><\/strong>\u00a0que -homologado\u00a0para tal fin por Extenda-\u00a0<strong><strong>asesorar\u00e1 a la empresa\u00a0<\/strong>andaluza realizando un an\u00e1lisis de su situaci\u00f3n interna y<\/strong>, siguiendo un m\u00e9todo de trabajo basado en la reflexi\u00f3n y en la planificaci\u00f3n empresarial,\u00a0<strong>se propondr\u00e1 la estrategia de internacionalizaci\u00f3n m\u00e1s adecuada en cada caso, para acceder con \u00e9xito a los mercados internacionales.<\/strong><\/p>\n<p style=\"text-align: justify\">Aqu\u00ed os dejamos la informaci\u00f3n m\u00e1s detallada, recogida en el archivo PDF de la\u00a0convocatoria, adem\u00e1s del documento en formato Word que la empresa interesada deber\u00eda cumplimentar para presentar su solicitud de admisi\u00f3n en el plazo determinado.<\/p>\n<p><a href=\"https:\/\/www.andaluciatrade.es\/web\/opencms\/convocatorias\/lectorPdf.jsp?vista=DOC&amp;id=143&amp;ejercicio=2018\"><img loading=\"lazy\" decoding=\"async\" class=\"alignnone wp-image-297\" src=\"https:\/\/www.andaluciatrade.es\/consultoria\/files\/2018\/01\/icon_PDF-150x150.png\" alt=\"icon_PDF\" width=\"46\" height=\"46\" \/><\/a><a href=\"https:\/\/www.andaluciatrade.es\/wp-content\/uploads\/2018\/01\/2019-0173-Convocatoria-Programa-de-Diagn%C3%B3stico.pdf\">\u00a0Bases de la Convocatoria para el Programa de Diagn\u00f3stico del Potencial de Internacionalizaci\u00f3n de la Empresa Andaluza 2019.<\/a><\/p>\n<p><a href=\"https:\/\/www.andaluciatrade.es\/web\/opencms\/convocatorias\/lectorPdf.jsp?vista=FSP&amp;id=143&amp;ejercicio=2018\"><img loading=\"lazy\" decoding=\"async\" class=\"alignnone wp-image-299\" src=\"https:\/\/www.andaluciatrade.es\/consultoria\/files\/2018\/01\/Documento-Word-150x150.png\" alt=\"Documento Word\" width=\"46\" height=\"46\" srcset=\"https:\/\/www.andaluciatrade.es\/consultoria\/wp-content\/uploads\/sites\/8\/2018\/01\/Documento-Word-150x150.png 150w, https:\/\/www.andaluciatrade.es\/consultoria\/wp-content\/uploads\/sites\/8\/2018\/01\/Documento-Word-300x300.png 300w, https:\/\/www.andaluciatrade.es\/consultoria\/wp-content\/uploads\/sites\/8\/2018\/01\/Documento-Word.png 512w\" sizes=\"auto, (max-width: 46px) 100vw, 46px\" \/><\/a>\u00a0<a href=\"https:\/\/www.andaluciatrade.es\/wp-content\/uploads\/2018\/01\/2019-0173-Solicitud-Programa-de-Diagn%C3%B3stico.docx\">Solicitud de participaci\u00f3n<\/a><\/p>\n<p>&nbsp;<\/p>\n<p>Cont\u00e1ctenos : <a href=\"mailto:diagnostico@extenda.es\">diagnostico@extenda.es<\/a><\/p>\n<p>Para m\u00e1s informaci\u00f3n:\u00a0<a href=\"https:\/\/www.andaluciatrade.es\/diagnostico-extenda\/\">https:\/\/www.andaluciatrade.es\/diagnostico-extenda\/\u00a0<\/a><\/p>\n","protected":false},"excerpt":{"rendered":"<p>Desde el Departamento de Consultor\u00eda de Extenda anunciamos la apertura\u00a0de la\u00a018\u00aa edici\u00f3n\u00a0del Programa de Diagn\u00f3stico del Potencial de Internacionalizaci\u00f3n de la Empresa Andaluza. Este programa va\u00a0dirigido a las empresas andaluzas que se encuentran en etapas iniciales de su proceso de &hellip; <a href=\"https:\/\/www.andaluciatrade.es\/consultoria\/2019\/01\/09\/13a-edicion-del-programa-de-diagnostico-del-potencial-de-internacionalizacion-de-la-empresa-andaluza\/\">Sigue leyendo <span class=\"meta-nav\">&rarr;<\/span><\/a><\/p>\n","protected":false},"author":6524,"featured_media":0,"comment_status":"closed","ping_status":"closed","sticky":false,"template":"","format":"standard","meta":{"footnotes":""},"categories":[39],"tags":[34,31,134,33,48,43,30,38,23],"class_list":["post-4107","post","type-post","status-publish","format-standard","hentry","category-diagnostico","tag-andalucia","tag-consultoria","tag-consultoria-extenda","tag-departamento-consultoria","tag-diagnostico","tag-empresa","tag-extenda","tag-programa-de-diagnostico","tag-programa-diagnostico"],"_links":{"self":[{"href":"https:\/\/www.andaluciatrade.es\/consultoria\/wp-json\/wp\/v2\/posts\/4107","targetHints":{"allow":["GET"]}}],"collection":[{"href":"https:\/\/www.andaluciatrade.es\/consultoria\/wp-json\/wp\/v2\/posts"}],"about":[{"href":"https:\/\/www.andaluciatrade.es\/consultoria\/wp-json\/wp\/v2\/types\/post"}],"author":[{"embeddable":true,"href":"https:\/\/www.andaluciatrade.es\/consultoria\/wp-json\/wp\/v2\/users\/6524"}],"replies":[{"embeddable":true,"href":"https:\/\/www.andaluciatrade.es\/consultoria\/wp-json\/wp\/v2\/comments?post=4107"}],"version-history":[{"count":2,"href":"https:\/\/www.andaluciatrade.es\/consultoria\/wp-json\/wp\/v2\/posts\/4107\/revisions"}],"predecessor-version":[{"id":4123,"href":"https:\/\/www.andaluciatrade.es\/consultoria\/wp-json\/wp\/v2\/posts\/4107\/revisions\/4123"}],"wp:attachment":[{"href":"https:\/\/www.andaluciatrade.es\/consultoria\/wp-json\/wp\/v2\/media?parent=4107"}],"wp:term":[{"taxonomy":"category","embeddable":true,"href":"https:\/\/www.andaluciatrade.es\/consultoria\/wp-json\/wp\/v2\/categories?post=4107"},{"taxonomy":"post_tag","embeddable":true,"href":"https:\/\/www.andaluciatrade.es\/consultoria\/wp-json\/wp\/v2\/tags?post=4107"}],"curies":[{"name":"wp","href":"https:\/\/api.w.org\/{rel}","templated":true}]}}