{"id":6925,"date":"2020-03-09T13:07:23","date_gmt":"2020-03-09T13:07:23","guid":{"rendered":"https:\/\/www.andaluciatrade.es\/consultoria\/?p=6925"},"modified":"2020-03-09T13:08:16","modified_gmt":"2020-03-09T13:08:16","slug":"jornada-de-cooperacion-para-la-internacionalizacion-del-sector-agroalimentario","status":"publish","type":"post","link":"https:\/\/www.andaluciatrade.es\/consultoria\/2020\/03\/09\/jornada-de-cooperacion-para-la-internacionalizacion-del-sector-agroalimentario\/","title":{"rendered":"Jornada de Cooperaci\u00f3n para la Internacionalizaci\u00f3n del Sector Agroalimentario"},"content":{"rendered":"<p style=\"text-align: justify\">Desde el Dpto. de consultor\u00eda, invitamos a las empresas andaluzas del <strong><em>Sector Agroalimentario (con especial menci\u00f3n a <\/em><\/strong><strong>IV y V Gama, aceites, encurtidos, vinos y productos ecol\u00f3gicos), <\/strong><strong><em>as\u00ed como sectores auxiliares y de servicios de apoyo al sector en materia log\u00edstica, financiera, de dise\u00f1o y marketing, <\/em><\/strong><em>a la pr\u00f3xima:<\/em><\/p>\n<p style=\"text-align: center\"><strong><em>\u00abJORNADA DE INTERCAMBIO DE EXPERIENCIAS DE COOPERACI\u00d3N\u00a0<\/em><\/strong><strong><em>PARA LA INTERNACIONALIZACI\u00d3N\u00bb<\/em><\/strong><\/p>\n<p style=\"text-align: justify\"><span style=\"color: #000000\">El objetivo de esta jornada es\u00a0<\/span>acercar a las empresas del sector agroalimentario asistentes a la Jornada, a la<strong> cooperaci\u00f3n<\/strong> <strong>como herramienta v\u00e1lida en sus procesos de internacionalizaci\u00f3n<\/strong>, sea cual sea el \u00e1rea de colaboraci\u00f3n seleccionada y con un claro enfoque a la participaci\u00f3n e interacci\u00f3n entre ponentes y asistentes a la misma.<\/p>\n<p style=\"text-align: justify\"><span style=\"color: #000000\"><strong><span style=\"text-decoration: underline\">Fecha\u00a0y lugar de celebraci\u00f3n<\/span><\/strong>:<\/span>\u00a0<strong><span style=\"color: #008000\">jueves 19 de marzo de 2020<\/span><\/strong> en\u00a0la <strong>Sede de Extenda, <\/strong><span style=\"color: #000000\">C\/Marie Curie n\u00ba 5, Isla de la Cartuja (Sevilla).<\/span><\/p>\n<p><span style=\"color: #000000\"><strong><span style=\"text-decoration: underline\">Inscripci\u00f3n<\/span><\/strong>:<\/span> a trav\u00e9s de este enlace:\u00a0<a href=\"https:\/\/bit.ly\/2vCo8me\"><span style=\"text-decoration: underline;color: #0000ff\">https:\/\/bit.ly\/39vWBRW<\/span><\/a><\/p>\n<p style=\"text-align: center\"><strong><span style=\"text-decoration: underline\">PROGRAMACI\u00d3N<\/span><\/strong><\/p>\n<p style=\"text-align: justify\"><strong><span style=\"color: #008000\">09:00-09:15\u00a0<\/span><\/strong>\u00a0Recepci\u00f3n de participantes.<\/p>\n<p style=\"text-align: justify\"><span style=\"color: #008000\"><strong>09:15-09:30\u00a0<\/strong><\/span>\u00a0Apertura a cargo de EXTENDA y presentaci\u00f3n de la iniciativa de\u00a0 Asesoramiento para la Cooperaci\u00f3n Empresarial.<\/p>\n<p style=\"text-align: justify\"><strong><span style=\"color: #008000\">09:30-09:45\u00a0<\/span><\/strong>\u00a0Breve presentaci\u00f3n de las empresas participantes (<em>elevator pitch<\/em>).<!--more--><\/p>\n<p style=\"text-align: justify\"><span style=\"color: #008000\"><strong>09:45-10:30\u00a0<\/strong><\/span>\u00a0<strong>Claves de la cooperaci\u00f3n para la internacionalizaci\u00f3n de la empresa andaluza<\/strong>. A cargo de <strong>Javier S\u00e1nchez Flores.<\/strong> consultor experto en internacionalizaci\u00f3n de empresas, con experiencia en desarrollo y consolidaci\u00f3n de modelos de negocio basados en la cooperaci\u00f3n empresarial a nivel nacional e internacional.<\/p>\n<p style=\"text-align: justify\"><span style=\"color: #008000\"><strong>10:30-11:00<\/strong><\/span>\u00a0 Desayuno\u00a0de\u00a0<em>networking<\/em>.<\/p>\n<p style=\"text-align: justify\"><strong><span style=\"color: #008000\">11:00-12:00<\/span> Experiencias en cooperaci\u00f3n empresarial de dos empresas andaluzas internacionalizadas<\/strong>:<\/p>\n<ul>\n<li style=\"text-align: justify\"><strong>Grupo Ybarra:<\/strong> participaci\u00f3n de <strong>Francisco<\/strong> <strong>Vigueras<\/strong>, Director General, <strong>Gonzalo Ybarra<\/strong>, Director de Marketing y <strong>Trist\u00e1n Ybarra<\/strong>, Director de Desarrollo Internacional. Abordar\u00e1n su experiencia en cooperaci\u00f3n empresarial para el desarrollo de nuevos formatos, presentaciones y nuevos productos, as\u00ed como cooperaci\u00f3n para el desarrollo de canales de comercializaci\u00f3n conjunta.<\/li>\n<li style=\"text-align: justify\"><strong>Bodegas Robles S.A: <\/strong>participaci\u00f3n de <strong>Francisco Robles<\/strong>, Gerente en Bodegas Robles S.A. Defensor activo de la cooperaci\u00f3n empresarial, expondr\u00e1 su experiencia en proyectos de cooperaci\u00f3n relacionados con la apertura de mercados y con la organizaci\u00f3n de promociones comerciales agrupadas en cadenas de supermercados en pa\u00edses de la UE.<\/li>\n<\/ul>\n<p style=\"text-align: justify\"><strong><span style=\"color: #008000\">12:00-12:45\u00a0<\/span><\/strong>\u00a0Mesa redonda de ponentes y empresas participantes.<\/p>\n<p style=\"text-align: justify\"><span style=\"color: #008000\"><strong>12:45-14:00\u00a0<\/strong><\/span>\u00a0Reuniones B2B. <em>Networking<\/em>.<\/p>\n<p style=\"text-align: justify\">Para +info, descarga las bases de la convocatoria aqu\u00ed:\u00a0<a href=\"https:\/\/bit.ly\/2U3sNGb\"><span style=\"text-decoration: underline;color: #0000ff\">https:\/\/bit.ly\/2U3sNGb<\/span>\u00a0<\/a><\/p>\n<p style=\"text-align: justify\"><strong>\u00a0\u00a1Os esperamos!<\/strong><\/p>\n","protected":false},"excerpt":{"rendered":"<p>Desde el Dpto. de consultor\u00eda, invitamos a las empresas andaluzas del Sector Agroalimentario (con especial menci\u00f3n a IV y V Gama, aceites, encurtidos, vinos y productos ecol\u00f3gicos), as\u00ed como sectores auxiliares y de servicios de apoyo al sector en materia &hellip; <a href=\"https:\/\/www.andaluciatrade.es\/consultoria\/2020\/03\/09\/jornada-de-cooperacion-para-la-internacionalizacion-del-sector-agroalimentario\/\">Sigue leyendo <span class=\"meta-nav\">&rarr;<\/span><\/a><\/p>\n","protected":false},"author":6524,"featured_media":0,"comment_status":"closed","ping_status":"closed","sticky":false,"template":"","format":"standard","meta":{"footnotes":""},"categories":[151],"tags":[30,14,141,76],"class_list":["post-6925","post","type-post","status-publish","format-standard","hentry","category-cooperacion-empresarial","tag-extenda","tag-internacionalizacion","tag-jornada-extenda","tag-jornadas"],"_links":{"self":[{"href":"https:\/\/www.andaluciatrade.es\/consultoria\/wp-json\/wp\/v2\/posts\/6925","targetHints":{"allow":["GET"]}}],"collection":[{"href":"https:\/\/www.andaluciatrade.es\/consultoria\/wp-json\/wp\/v2\/posts"}],"about":[{"href":"https:\/\/www.andaluciatrade.es\/consultoria\/wp-json\/wp\/v2\/types\/post"}],"author":[{"embeddable":true,"href":"https:\/\/www.andaluciatrade.es\/consultoria\/wp-json\/wp\/v2\/users\/6524"}],"replies":[{"embeddable":true,"href":"https:\/\/www.andaluciatrade.es\/consultoria\/wp-json\/wp\/v2\/comments?post=6925"}],"version-history":[{"count":2,"href":"https:\/\/www.andaluciatrade.es\/consultoria\/wp-json\/wp\/v2\/posts\/6925\/revisions"}],"predecessor-version":[{"id":7205,"href":"https:\/\/www.andaluciatrade.es\/consultoria\/wp-json\/wp\/v2\/posts\/6925\/revisions\/7205"}],"wp:attachment":[{"href":"https:\/\/www.andaluciatrade.es\/consultoria\/wp-json\/wp\/v2\/media?parent=6925"}],"wp:term":[{"taxonomy":"category","embeddable":true,"href":"https:\/\/www.andaluciatrade.es\/consultoria\/wp-json\/wp\/v2\/categories?post=6925"},{"taxonomy":"post_tag","embeddable":true,"href":"https:\/\/www.andaluciatrade.es\/consultoria\/wp-json\/wp\/v2\/tags?post=6925"}],"curies":[{"name":"wp","href":"https:\/\/api.w.org\/{rel}","templated":true}]}}